{"id":1468,"date":"2019-11-27T15:50:08","date_gmt":"2019-11-27T15:50:08","guid":{"rendered":"https:\/\/alamutlibros.com.ar\/fildi\/?p=1468"},"modified":"2019-11-28T14:08:35","modified_gmt":"2019-11-28T14:08:35","slug":"alejandro-modarelli","status":"publish","type":"post","link":"https:\/\/alamutlibros.com.ar\/fildi\/2019\/11\/27\/alejandro-modarelli\/","title":{"rendered":"Alejandro Modarelli"},"content":{"rendered":"<p>es escritor, periodista y colabora en el Suplemento Soy del diario P\u00e1gina 12. Es autor de los libros <em>Rosa Prepucio -cr\u00f3nicas de sodom\u00eda, amor y bigud\u00ed<\/em> y <em>La noche del mundo<\/em>. Junto a Flavio Rapisardi, public\u00f3 <em>Fiestas ba\u00f1os y exilios, los gays porte\u00f1os en la \u00faltima dictadura<\/em>, recientemente reeditado.<\/p>\n","protected":false},"excerpt":{"rendered":"<p>es escritor, periodista y colabora en el Suplemento Soy del diario P\u00e1gina 12. Es autor de los libros Rosa Prepucio -cr\u00f3nicas de sodom\u00eda, amor y bigud\u00ed y La noche del mundo. Junto a Flavio Rapisardi, public\u00f3 Fiestas ba\u00f1os y exilios, los gays porte\u00f1os en la \u00faltima dictadura, recientemente reeditado.<\/p>\n","protected":false},"author":1,"featured_media":1421,"comment_status":"closed","ping_status":"open","sticky":false,"template":"","format":"standard","meta":{"_et_pb_use_builder":"","_et_pb_old_content":"","_et_gb_content_width":"","footnotes":""},"categories":[5],"tags":[],"class_list":["post-1468","post","type-post","status-publish","format-standard","has-post-thumbnail","hentry","category-participan"],"yoast_head":"<!-- This site is optimized with the Yoast SEO plugin v28.0 - https:\/\/yoast.com\/product\/yoast-seo-wordpress\/ -->\n<title>Alejandro Modarelli - FILDI 2019<\/title>\n<meta name=\"robots\" content=\"index, follow, max-snippet:-1, max-image-preview:large, max-video-preview:-1\" \/>\n<link rel=\"canonical\" href=\"https:\/\/alamutlibros.com.ar\/fildi\/2019\/11\/27\/alejandro-modarelli\/\" \/>\n<meta property=\"og:locale\" content=\"es_ES\" \/>\n<meta property=\"og:type\" content=\"article\" \/>\n<meta property=\"og:title\" content=\"Alejandro Modarelli - FILDI 2019\" \/>\n<meta property=\"og:description\" content=\"es escritor, periodista y colabora en el Suplemento Soy del diario P\u00e1gina 12. Es autor de los libros Rosa Prepucio -cr\u00f3nicas de sodom\u00eda, amor y bigud\u00ed y La noche del mundo. Junto a Flavio Rapisardi, public\u00f3 Fiestas ba\u00f1os y exilios, los gays porte\u00f1os en la \u00faltima dictadura, recientemente reeditado.\" \/>\n<meta property=\"og:url\" content=\"https:\/\/alamutlibros.com.ar\/fildi\/2019\/11\/27\/alejandro-modarelli\/\" \/>\n<meta property=\"og:site_name\" content=\"FILDI 2019\" \/>\n<meta property=\"article:publisher\" content=\"https:\/\/www.facebook.com\/FILDI.BuenosAires\/\" \/>\n<meta property=\"article:published_time\" content=\"2019-11-27T15:50:08+00:00\" \/>\n<meta property=\"article:modified_time\" content=\"2019-11-28T14:08:35+00:00\" \/>\n<meta property=\"og:image\" content=\"https:\/\/alamutlibros.com.ar\/fildi\/wp-content\/uploads\/2019\/11\/Alejandro-Modarelli.jpg\" \/>\n\t<meta property=\"og:image:width\" content=\"1360\" \/>\n\t<meta property=\"og:image:height\" content=\"905\" \/>\n\t<meta property=\"og:image:type\" content=\"image\/jpeg\" \/>\n<meta name=\"author\" content=\"FILDIx34gt\" \/>\n<meta name=\"twitter:card\" content=\"summary_large_image\" \/>\n<meta name=\"twitter:label1\" content=\"Escrito por\" \/>\n\t<meta name=\"twitter:data1\" content=\"FILDIx34gt\" \/>\n<script type=\"application\/ld+json\" class=\"yoast-schema-graph\">{\"@context\":\"https:\\\/\\\/schema.org\",\"@graph\":[{\"@type\":\"Article\",\"@id\":\"https:\\\/\\\/alamutlibros.com.ar\\\/fildi\\\/2019\\\/11\\\/27\\\/alejandro-modarelli\\\/#article\",\"isPartOf\":{\"@id\":\"https:\\\/\\\/alamutlibros.com.ar\\\/fildi\\\/2019\\\/11\\\/27\\\/alejandro-modarelli\\\/\"},\"author\":{\"name\":\"FILDIx34gt\",\"@id\":\"https:\\\/\\\/alamutlibros.com.ar\\\/fildi\\\/#\\\/schema\\\/person\\\/5c4a20bc5c73590a76c78ecb4fbad5bb\"},\"headline\":\"Alejandro Modarelli\",\"datePublished\":\"2019-11-27T15:50:08+00:00\",\"dateModified\":\"2019-11-28T14:08:35+00:00\",\"mainEntityOfPage\":{\"@id\":\"https:\\\/\\\/alamutlibros.com.ar\\\/fildi\\\/2019\\\/11\\\/27\\\/alejandro-modarelli\\\/\"},\"wordCount\":55,\"image\":{\"@id\":\"https:\\\/\\\/alamutlibros.com.ar\\\/fildi\\\/2019\\\/11\\\/27\\\/alejandro-modarelli\\\/#primaryimage\"},\"thumbnailUrl\":\"https:\\\/\\\/alamutlibros.com.ar\\\/fildi\\\/wp-content\\\/uploads\\\/2019\\\/11\\\/Alejandro-Modarelli.jpg\",\"articleSection\":[\"participan\"],\"inLanguage\":\"es\"},{\"@type\":\"WebPage\",\"@id\":\"https:\\\/\\\/alamutlibros.com.ar\\\/fildi\\\/2019\\\/11\\\/27\\\/alejandro-modarelli\\\/\",\"url\":\"https:\\\/\\\/alamutlibros.com.ar\\\/fildi\\\/2019\\\/11\\\/27\\\/alejandro-modarelli\\\/\",\"name\":\"Alejandro Modarelli - FILDI 2019\",\"isPartOf\":{\"@id\":\"https:\\\/\\\/alamutlibros.com.ar\\\/fildi\\\/#website\"},\"primaryImageOfPage\":{\"@id\":\"https:\\\/\\\/alamutlibros.com.ar\\\/fildi\\\/2019\\\/11\\\/27\\\/alejandro-modarelli\\\/#primaryimage\"},\"image\":{\"@id\":\"https:\\\/\\\/alamutlibros.com.ar\\\/fildi\\\/2019\\\/11\\\/27\\\/alejandro-modarelli\\\/#primaryimage\"},\"thumbnailUrl\":\"https:\\\/\\\/alamutlibros.com.ar\\\/fildi\\\/wp-content\\\/uploads\\\/2019\\\/11\\\/Alejandro-Modarelli.jpg\",\"datePublished\":\"2019-11-27T15:50:08+00:00\",\"dateModified\":\"2019-11-28T14:08:35+00:00\",\"author\":{\"@id\":\"https:\\\/\\\/alamutlibros.com.ar\\\/fildi\\\/#\\\/schema\\\/person\\\/5c4a20bc5c73590a76c78ecb4fbad5bb\"},\"breadcrumb\":{\"@id\":\"https:\\\/\\\/alamutlibros.com.ar\\\/fildi\\\/2019\\\/11\\\/27\\\/alejandro-modarelli\\\/#breadcrumb\"},\"inLanguage\":\"es\",\"potentialAction\":[{\"@type\":\"ReadAction\",\"target\":[\"https:\\\/\\\/alamutlibros.com.ar\\\/fildi\\\/2019\\\/11\\\/27\\\/alejandro-modarelli\\\/\"]}]},{\"@type\":\"ImageObject\",\"inLanguage\":\"es\",\"@id\":\"https:\\\/\\\/alamutlibros.com.ar\\\/fildi\\\/2019\\\/11\\\/27\\\/alejandro-modarelli\\\/#primaryimage\",\"url\":\"https:\\\/\\\/alamutlibros.com.ar\\\/fildi\\\/wp-content\\\/uploads\\\/2019\\\/11\\\/Alejandro-Modarelli.jpg\",\"contentUrl\":\"https:\\\/\\\/alamutlibros.com.ar\\\/fildi\\\/wp-content\\\/uploads\\\/2019\\\/11\\\/Alejandro-Modarelli.jpg\",\"width\":1360,\"height\":905},{\"@type\":\"BreadcrumbList\",\"@id\":\"https:\\\/\\\/alamutlibros.com.ar\\\/fildi\\\/2019\\\/11\\\/27\\\/alejandro-modarelli\\\/#breadcrumb\",\"itemListElement\":[{\"@type\":\"ListItem\",\"position\":1,\"name\":\"Portada\",\"item\":\"https:\\\/\\\/alamutlibros.com.ar\\\/fildi\\\/\"},{\"@type\":\"ListItem\",\"position\":2,\"name\":\"Alejandro Modarelli\"}]},{\"@type\":\"WebSite\",\"@id\":\"https:\\\/\\\/alamutlibros.com.ar\\\/fildi\\\/#website\",\"url\":\"https:\\\/\\\/alamutlibros.com.ar\\\/fildi\\\/\",\"name\":\"FILDI 2019\",\"description\":\"Festival Internacional del Libro de la Diversidad\",\"potentialAction\":[{\"@type\":\"SearchAction\",\"target\":{\"@type\":\"EntryPoint\",\"urlTemplate\":\"https:\\\/\\\/alamutlibros.com.ar\\\/fildi\\\/?s={search_term_string}\"},\"query-input\":{\"@type\":\"PropertyValueSpecification\",\"valueRequired\":true,\"valueName\":\"search_term_string\"}}],\"inLanguage\":\"es\"},{\"@type\":\"Person\",\"@id\":\"https:\\\/\\\/alamutlibros.com.ar\\\/fildi\\\/#\\\/schema\\\/person\\\/5c4a20bc5c73590a76c78ecb4fbad5bb\",\"name\":\"FILDIx34gt\",\"image\":{\"@type\":\"ImageObject\",\"inLanguage\":\"es\",\"@id\":\"https:\\\/\\\/secure.gravatar.com\\\/avatar\\\/4b3a3e99fdacec12ad8158ef0702c403708384ce927ae6c27b7f219d39af6b5a?s=96&d=mm&r=g\",\"url\":\"https:\\\/\\\/secure.gravatar.com\\\/avatar\\\/4b3a3e99fdacec12ad8158ef0702c403708384ce927ae6c27b7f219d39af6b5a?s=96&d=mm&r=g\",\"contentUrl\":\"https:\\\/\\\/secure.gravatar.com\\\/avatar\\\/4b3a3e99fdacec12ad8158ef0702c403708384ce927ae6c27b7f219d39af6b5a?s=96&d=mm&r=g\",\"caption\":\"FILDIx34gt\"},\"url\":\"https:\\\/\\\/alamutlibros.com.ar\\\/fildi\\\/author\\\/FILDIx34gt\\\/\"}]}<\/script>\n<!-- \/ Yoast SEO plugin. -->","yoast_head_json":{"title":"Alejandro Modarelli - FILDI 2019","robots":{"index":"index","follow":"follow","max-snippet":"max-snippet:-1","max-image-preview":"max-image-preview:large","max-video-preview":"max-video-preview:-1"},"canonical":"https:\/\/alamutlibros.com.ar\/fildi\/2019\/11\/27\/alejandro-modarelli\/","og_locale":"es_ES","og_type":"article","og_title":"Alejandro Modarelli - FILDI 2019","og_description":"es escritor, periodista y colabora en el Suplemento Soy del diario P\u00e1gina 12. Es autor de los libros Rosa Prepucio -cr\u00f3nicas de sodom\u00eda, amor y bigud\u00ed y La noche del mundo. Junto a Flavio Rapisardi, public\u00f3 Fiestas ba\u00f1os y exilios, los gays porte\u00f1os en la \u00faltima dictadura, recientemente reeditado.","og_url":"https:\/\/alamutlibros.com.ar\/fildi\/2019\/11\/27\/alejandro-modarelli\/","og_site_name":"FILDI 2019","article_publisher":"https:\/\/www.facebook.com\/FILDI.BuenosAires\/","article_published_time":"2019-11-27T15:50:08+00:00","article_modified_time":"2019-11-28T14:08:35+00:00","og_image":[{"width":1360,"height":905,"url":"https:\/\/alamutlibros.com.ar\/fildi\/wp-content\/uploads\/2019\/11\/Alejandro-Modarelli.jpg","type":"image\/jpeg"}],"author":"FILDIx34gt","twitter_card":"summary_large_image","twitter_misc":{"Escrito por":"FILDIx34gt"},"schema":{"@context":"https:\/\/schema.org","@graph":[{"@type":"Article","@id":"https:\/\/alamutlibros.com.ar\/fildi\/2019\/11\/27\/alejandro-modarelli\/#article","isPartOf":{"@id":"https:\/\/alamutlibros.com.ar\/fildi\/2019\/11\/27\/alejandro-modarelli\/"},"author":{"name":"FILDIx34gt","@id":"https:\/\/alamutlibros.com.ar\/fildi\/#\/schema\/person\/5c4a20bc5c73590a76c78ecb4fbad5bb"},"headline":"Alejandro Modarelli","datePublished":"2019-11-27T15:50:08+00:00","dateModified":"2019-11-28T14:08:35+00:00","mainEntityOfPage":{"@id":"https:\/\/alamutlibros.com.ar\/fildi\/2019\/11\/27\/alejandro-modarelli\/"},"wordCount":55,"image":{"@id":"https:\/\/alamutlibros.com.ar\/fildi\/2019\/11\/27\/alejandro-modarelli\/#primaryimage"},"thumbnailUrl":"https:\/\/alamutlibros.com.ar\/fildi\/wp-content\/uploads\/2019\/11\/Alejandro-Modarelli.jpg","articleSection":["participan"],"inLanguage":"es"},{"@type":"WebPage","@id":"https:\/\/alamutlibros.com.ar\/fildi\/2019\/11\/27\/alejandro-modarelli\/","url":"https:\/\/alamutlibros.com.ar\/fildi\/2019\/11\/27\/alejandro-modarelli\/","name":"Alejandro Modarelli - FILDI 2019","isPartOf":{"@id":"https:\/\/alamutlibros.com.ar\/fildi\/#website"},"primaryImageOfPage":{"@id":"https:\/\/alamutlibros.com.ar\/fildi\/2019\/11\/27\/alejandro-modarelli\/#primaryimage"},"image":{"@id":"https:\/\/alamutlibros.com.ar\/fildi\/2019\/11\/27\/alejandro-modarelli\/#primaryimage"},"thumbnailUrl":"https:\/\/alamutlibros.com.ar\/fildi\/wp-content\/uploads\/2019\/11\/Alejandro-Modarelli.jpg","datePublished":"2019-11-27T15:50:08+00:00","dateModified":"2019-11-28T14:08:35+00:00","author":{"@id":"https:\/\/alamutlibros.com.ar\/fildi\/#\/schema\/person\/5c4a20bc5c73590a76c78ecb4fbad5bb"},"breadcrumb":{"@id":"https:\/\/alamutlibros.com.ar\/fildi\/2019\/11\/27\/alejandro-modarelli\/#breadcrumb"},"inLanguage":"es","potentialAction":[{"@type":"ReadAction","target":["https:\/\/alamutlibros.com.ar\/fildi\/2019\/11\/27\/alejandro-modarelli\/"]}]},{"@type":"ImageObject","inLanguage":"es","@id":"https:\/\/alamutlibros.com.ar\/fildi\/2019\/11\/27\/alejandro-modarelli\/#primaryimage","url":"https:\/\/alamutlibros.com.ar\/fildi\/wp-content\/uploads\/2019\/11\/Alejandro-Modarelli.jpg","contentUrl":"https:\/\/alamutlibros.com.ar\/fildi\/wp-content\/uploads\/2019\/11\/Alejandro-Modarelli.jpg","width":1360,"height":905},{"@type":"BreadcrumbList","@id":"https:\/\/alamutlibros.com.ar\/fildi\/2019\/11\/27\/alejandro-modarelli\/#breadcrumb","itemListElement":[{"@type":"ListItem","position":1,"name":"Portada","item":"https:\/\/alamutlibros.com.ar\/fildi\/"},{"@type":"ListItem","position":2,"name":"Alejandro Modarelli"}]},{"@type":"WebSite","@id":"https:\/\/alamutlibros.com.ar\/fildi\/#website","url":"https:\/\/alamutlibros.com.ar\/fildi\/","name":"FILDI 2019","description":"Festival Internacional del Libro de la Diversidad","potentialAction":[{"@type":"SearchAction","target":{"@type":"EntryPoint","urlTemplate":"https:\/\/alamutlibros.com.ar\/fildi\/?s={search_term_string}"},"query-input":{"@type":"PropertyValueSpecification","valueRequired":true,"valueName":"search_term_string"}}],"inLanguage":"es"},{"@type":"Person","@id":"https:\/\/alamutlibros.com.ar\/fildi\/#\/schema\/person\/5c4a20bc5c73590a76c78ecb4fbad5bb","name":"FILDIx34gt","image":{"@type":"ImageObject","inLanguage":"es","@id":"https:\/\/secure.gravatar.com\/avatar\/4b3a3e99fdacec12ad8158ef0702c403708384ce927ae6c27b7f219d39af6b5a?s=96&d=mm&r=g","url":"https:\/\/secure.gravatar.com\/avatar\/4b3a3e99fdacec12ad8158ef0702c403708384ce927ae6c27b7f219d39af6b5a?s=96&d=mm&r=g","contentUrl":"https:\/\/secure.gravatar.com\/avatar\/4b3a3e99fdacec12ad8158ef0702c403708384ce927ae6c27b7f219d39af6b5a?s=96&d=mm&r=g","caption":"FILDIx34gt"},"url":"https:\/\/alamutlibros.com.ar\/fildi\/author\/FILDIx34gt\/"}]}},"_links":{"self":[{"href":"https:\/\/alamutlibros.com.ar\/fildi\/wp-json\/wp\/v2\/posts\/1468","targetHints":{"allow":["GET"]}}],"collection":[{"href":"https:\/\/alamutlibros.com.ar\/fildi\/wp-json\/wp\/v2\/posts"}],"about":[{"href":"https:\/\/alamutlibros.com.ar\/fildi\/wp-json\/wp\/v2\/types\/post"}],"author":[{"embeddable":true,"href":"https:\/\/alamutlibros.com.ar\/fildi\/wp-json\/wp\/v2\/users\/1"}],"replies":[{"embeddable":true,"href":"https:\/\/alamutlibros.com.ar\/fildi\/wp-json\/wp\/v2\/comments?post=1468"}],"version-history":[{"count":2,"href":"https:\/\/alamutlibros.com.ar\/fildi\/wp-json\/wp\/v2\/posts\/1468\/revisions"}],"predecessor-version":[{"id":4077,"href":"https:\/\/alamutlibros.com.ar\/fildi\/wp-json\/wp\/v2\/posts\/1468\/revisions\/4077"}],"wp:featuredmedia":[{"embeddable":true,"href":"https:\/\/alamutlibros.com.ar\/fildi\/wp-json\/wp\/v2\/media\/1421"}],"wp:attachment":[{"href":"https:\/\/alamutlibros.com.ar\/fildi\/wp-json\/wp\/v2\/media?parent=1468"}],"wp:term":[{"taxonomy":"category","embeddable":true,"href":"https:\/\/alamutlibros.com.ar\/fildi\/wp-json\/wp\/v2\/categories?post=1468"},{"taxonomy":"post_tag","embeddable":true,"href":"https:\/\/alamutlibros.com.ar\/fildi\/wp-json\/wp\/v2\/tags?post=1468"}],"curies":[{"name":"wp","href":"https:\/\/api.w.org\/{rel}","templated":true}]}}